{"id":435,"date":"2024-07-12T09:38:26","date_gmt":"2024-07-12T07:38:26","guid":{"rendered":"http:\/\/climsom-suisse.ch\/2024\/07\/12\/die-raynaud-krankheit\/"},"modified":"2024-07-12T09:48:00","modified_gmt":"2024-07-12T07:48:00","slug":"die-raynaud-krankheit","status":"publish","type":"post","link":"https:\/\/climsom-suisse.ch\/de\/die-raynaud-krankheit\/","title":{"rendered":"Die Raynaud-Krankheit"},"content":{"rendered":"\n<div class=\"row\"  id=\"row-445393554\">\n\n\n\t<div id=\"col-1219736531\" class=\"col medium-8 small-12 large-8\"  >\n\t\t\t\t<div class=\"col-inner\"  >\n\t\t\t\n\t\t\t\n\n<p>ce n\u2019est pas seulement avoir les mains ou les pieds froids. Il s\u2019agit d\u2019un trouble chronique de la circulation du sang aux extr\u00e9mit\u00e9s, qui survient de fa\u00e7on p\u00e9riodique, en cas d\u2019exposition au froid.<\/p>\n<p>Les parties touch\u00e9es deviennent de suite blanches, froides et parfois insensibles ou engourdies, car le sang ne passe plus. La maladie touche sp\u00e9cifiquement les extr\u00e9mit\u00e9s, le plus souvent les doigts et les orteils, mais aussi, dans certains cas, le nez, les l\u00e8vres et les lobes d&#8217;oreilles ou m\u00eame les mamelons. Une crise peut durer de quelques minutes \u00e0 quelques heures.<\/p>\n<p>Ce syndrome intervient par crises.<\/p>\n<h3>Nous pouvons vous proposer de soulager le syndrome de Raynaud !<\/h3>\n<p>\u00c9viter que cela ne vous r\u00e9veille la nuit<\/p>\n<p>Vous \u00eates une personne frileuse et avant m\u00eame de vous coucher, la simple id\u00e9e d\u2019avoir froid vous stresse ? Oubliez les couvertures chauffantes \u00e9lectriques et adoptez le surmatelas Climsom.<\/p>\n<p>Depuis plus de 10 ans, Climsom vous permet de contr\u00f4ler la temp\u00e9rature de votre lit !<br \/>Plac\u00e9 sous votre drap housse, le surmatelas Climsom va r\u00e9chauffer votre lit. R\u00e9glable au degr\u00e9 pr\u00e8s, il vous permet d\u2019obtenir la temp\u00e9rature que vous souhaitez en vous glissant dans votre lit. Mettez-le en route environ 1h avant de dormir et vous trouverez une chaleur diffuse dans votre lit<\/p>\n\n\t\t<\/div>\n\t\t\t\t\t<\/div>\n\n\t\n\n\t<div id=\"col-1443091466\" class=\"col medium-4 small-12 large-4\"  >\n\t\t\t\t<div class=\"col-inner\"  >\n\t\t\t\n\t\t\t\n\n\t<div class=\"img has-hover x md-x lg-x y md-y lg-y\" id=\"image_1883824093\">\n\t\t\t\t\t\t\t\t<div class=\"img-inner dark\" >\n\t\t\t<img loading=\"lazy\" decoding=\"async\" width=\"1020\" height=\"651\" src=\"https:\/\/climsom-suisse.ch\/wp-content\/uploads\/2024\/07\/surmatela-climsom-vue.webp\" class=\"attachment-large size-large\" alt=\"\" srcset=\"https:\/\/climsom-suisse.ch\/wp-content\/uploads\/2024\/07\/surmatela-climsom-vue.webp 1222w, https:\/\/climsom-suisse.ch\/wp-content\/uploads\/2024\/07\/surmatela-climsom-vue-627x400.webp 627w, https:\/\/climsom-suisse.ch\/wp-content\/uploads\/2024\/07\/surmatela-climsom-vue-768x490.webp 768w, https:\/\/climsom-suisse.ch\/wp-content\/uploads\/2024\/07\/surmatela-climsom-vue-600x383.webp 600w\" sizes=\"auto, (max-width: 1020px) 100vw, 1020px\" \/>\t\t\t\t\t\t\n\t\t\t\t\t<\/div>\n\t\t\t\t\t\t\t\t\n<style>\n#image_1883824093 {\n  width: 100%;\n}\n<\/style>\n\t<\/div>\n\t\n\n\n\t\t<\/div>\n\t\t\t\t\t<\/div>\n\n\t\n\n<\/div>\n\n","protected":false},"excerpt":{"rendered":"","protected":false},"author":1,"featured_media":399,"comment_status":"open","ping_status":"open","sticky":false,"template":"","format":"standard","meta":{"footnotes":""},"categories":[96],"tags":[97,98],"class_list":["post-435","post","type-post","status-publish","format-standard","has-post-thumbnail","hentry","category-schlaf","tag-gut-schlafen","tag-ich-schlafe-schlecht"],"_links":{"self":[{"href":"https:\/\/climsom-suisse.ch\/de\/wp-json\/wp\/v2\/posts\/435","targetHints":{"allow":["GET"]}}],"collection":[{"href":"https:\/\/climsom-suisse.ch\/de\/wp-json\/wp\/v2\/posts"}],"about":[{"href":"https:\/\/climsom-suisse.ch\/de\/wp-json\/wp\/v2\/types\/post"}],"author":[{"embeddable":true,"href":"https:\/\/climsom-suisse.ch\/de\/wp-json\/wp\/v2\/users\/1"}],"replies":[{"embeddable":true,"href":"https:\/\/climsom-suisse.ch\/de\/wp-json\/wp\/v2\/comments?post=435"}],"version-history":[{"count":2,"href":"https:\/\/climsom-suisse.ch\/de\/wp-json\/wp\/v2\/posts\/435\/revisions"}],"predecessor-version":[{"id":437,"href":"https:\/\/climsom-suisse.ch\/de\/wp-json\/wp\/v2\/posts\/435\/revisions\/437"}],"wp:featuredmedia":[{"embeddable":true,"href":"https:\/\/climsom-suisse.ch\/de\/wp-json\/wp\/v2\/media\/399"}],"wp:attachment":[{"href":"https:\/\/climsom-suisse.ch\/de\/wp-json\/wp\/v2\/media?parent=435"}],"wp:term":[{"taxonomy":"category","embeddable":true,"href":"https:\/\/climsom-suisse.ch\/de\/wp-json\/wp\/v2\/categories?post=435"},{"taxonomy":"post_tag","embeddable":true,"href":"https:\/\/climsom-suisse.ch\/de\/wp-json\/wp\/v2\/tags?post=435"}],"curies":[{"name":"wp","href":"https:\/\/api.w.org\/{rel}","templated":true}]}}